{"id":1621,"date":"2005-02-19T16:17:44","date_gmt":"2005-02-19T15:17:44","guid":{"rendered":"http:\/\/btm.sk\/WP\/2005\/02\/19\/aby-ludia-videli-ze-zijeme-s-jezisom\/"},"modified":"2018-05-17T23:27:09","modified_gmt":"2018-05-17T21:27:09","slug":"aby-ludia-videli-ze-zijeme-s-jezisom","status":"publish","type":"post","link":"https:\/\/btm.sk\/WP\/2005\/02\/19\/aby-ludia-videli-ze-zijeme-s-jezisom\/","title":{"rendered":"ABY \u013dUDIA VIDELI, \u017dE \u017dIJEME S JE\u017dI\u0160OM&#8230;"},"content":{"rendered":"<p><span class=\"text\"><i>Spravodliv\u00fd bude prekvita\u0165 s\u0165a palma a vyrastie ako libanonsk\u00fd c\u00e9der. T\u00ed, \u010do s\u00fa zasaden\u00ed v dome Hospodinovom, prekvita\u0165 bud\u00fa na n\u00e1dvoriach n\u00e1\u0161ho Boha, pones\u00fa ovocie i v \u0161edin\u00e1ch a bud\u00fa svie\u017ei, \u010derstv\u00ed, aby zvestovali, \u017ee je priamy Hospodin&#8230; (\u017dalm 92:13-16)<\/i><\/p>\n<p>Bl\u00ed\u017eia sa sviatky, na ktor\u00e9 sa te\u0161\u00edme nielen preto, \u017ee s nimi prich\u00e1dza jar, ale hlavne preto, \u017ee n\u00e1m pripom\u00ednaj\u00fa ve\u013ek\u00fa Bo\u017eiu l\u00e1sku a dar spasenia prostredn\u00edctvom P\u00e1na Je\u017ei\u0161a.<\/span><br \/>\n<!--more--><br \/>\nUstanovenie sviatkov m\u00e1 rovnak\u00fa funkciu ako r\u00f4zne kamenn\u00e9 pam\u00e4tn\u00edky, ktor\u00e9 maj\u00fa v\u0161etk\u00fdm \u013eu\u010fom i bud\u00facim pokoleniam pripom\u00edna\u0165 pre ne \u017eivotne d\u00f4le\u017eit\u00e9 udalosti. Aj Boh chcel, aby \u013eudia nezabudli na d\u00e1vne skutky, ktor\u00e9 vykonal pre ich z\u00e1chranu. M\u00e1me si pripom\u00edna\u0165, \u017ee P\u00e1n Je\u017ei\u0161 Kristus trpel pod \u0165archou na\u0161ich hriechov, bol mu\u010den\u00fd a nakoniec ukri\u017eovan\u00fd. To v\u0161etko sa stalo, aby sme prijali vierou t\u00fato Jeho z\u00e1stupn\u00fa obe\u0165 a boli tak zachr\u00e1nen\u00ed od ve\u010dn\u00e9ho zatratenia. P\u00e1n Je\u017ei\u0161 je jedin\u00fdm mostom k Bohu a ve\u010dn\u00e9mu \u017eivotu ponad priepas\u0165, ktor\u00e1 sa inak ned\u00e1 prekona\u0165.<\/p>\n<p>Prostredn\u00edctvom P\u00e1na Je\u017ei\u0161a sme teda \u00fa\u010dastn\u00ed na ve\u010dnom \u017eivote. A to je ten ist\u00fd \u017eivot \u2013 nielen jeho k\u00f3pia \u2013, ktor\u00fd sa prejav\u00ed v na\u0161om smrte\u013enom tele, ke\u010f sme znovuzroden\u00ed. Ve\u010dn\u00fd \u017eivot nie je darom od Boha, je darom Boha sam\u00e9ho. Moc a sila, ktor\u00e9 boli tak\u00e9 zjavn\u00e9 pri P\u00e1novi Je\u017ei\u0161ovi, bud\u00fa zjavn\u00e9 aj pri n\u00e1s v\u010faka zvrchovan\u00e9mu skutku Bo\u017eej milosti, ke\u010f sa rozhodneme definit\u00edvne skoncova\u0165 s hriechom. T\u00e1to moc nie je darom Ducha sv\u00e4t\u00e9ho, tou mocou je Duch sv\u00e4t\u00fd. Ak sa rozhodneme stoto\u017eni\u0165 s Je\u017ei\u0161om, v\u010faka Jeho kr\u00ed\u017eu sa \u017eivot, ktor\u00fd bol v \u0147om, stane aj na\u0161\u00edm \u017eivotom. Ak je pre n\u00e1s \u0165a\u017ek\u00e9 z\u00edska\u0165 spr\u00e1vny vz\u0165ah k Bohu, je to pr\u00e1ve pre na\u0161u nechu\u0165 skoncova\u0165 s hriechom. Vo chv\u00edli, ke\u010f urob\u00edme tak\u00e9 rozhodnutie, okam\u017eite n\u00e1s napln\u00ed Bo\u017e\u00ed \u017eivot. Dokonca aj ten najslab\u0161\u00ed kres\u0165an m\u00f4\u017ee pre\u017e\u00edva\u0165 moc Bo\u017estva Bo\u017eieho Syna, ak je ochotn\u00fd sa Mu podvoli\u0165. Ak\u00e9ko\u013evek \u00fasilie ponecha\u0165 si \u010do len k\u00fa\u0161ti\u010dek na\u0161ej vlastnej moci bude iba oslabova\u0165 Je\u017ei\u0161ov \u017eivot, ktor\u00fd je v n\u00e1s. Mus\u00edme osta\u0165 Bohu otvoren\u00ed a potom n\u00e1s pomaly, ale ur\u010dite zaplav\u00ed plnos\u0165 Bo\u017eieho \u017eivota a prenikne \u00faplne v\u0161etk\u00fdm. Je\u017ei\u0161 n\u00e1s celkom opanuje a \u013eudia uvidia, \u017ee \u017eijeme s N\u00edm. (pod\u013ea Oswalda Chambersa)<\/p>\n","protected":false},"excerpt":{"rendered":"<p>Spravodliv\u00fd bude prekvita\u0165 s\u0165a palma a vyrastie ako libanonsk\u00fd c\u00e9der. T\u00ed, \u010do s\u00fa zasaden\u00ed v dome Hospodinovom, prekvita\u0165 bud\u00fa na n\u00e1dvoriach n\u00e1\u0161ho Boha, pones\u00fa ovocie i v \u0161edin\u00e1ch a bud\u00fa svie\u017ei, \u010derstv\u00ed, aby zvestovali, \u017ee je priamy Hospodin&#8230; (\u017dalm 92:13-16) Bl\u00ed\u017eia sa sviatky, na ktor\u00e9 sa te\u0161\u00edme nielen preto, \u017ee s nimi prich\u00e1dza jar, ale [&hellip;]<\/p>\n","protected":false},"author":2,"featured_media":0,"comment_status":"closed","ping_status":"open","sticky":false,"template":"","format":"standard","meta":[],"categories":[9],"tags":[],"_links":{"self":[{"href":"https:\/\/btm.sk\/WP\/wp-json\/wp\/v2\/posts\/1621"}],"collection":[{"href":"https:\/\/btm.sk\/WP\/wp-json\/wp\/v2\/posts"}],"about":[{"href":"https:\/\/btm.sk\/WP\/wp-json\/wp\/v2\/types\/post"}],"author":[{"embeddable":true,"href":"https:\/\/btm.sk\/WP\/wp-json\/wp\/v2\/users\/2"}],"replies":[{"embeddable":true,"href":"https:\/\/btm.sk\/WP\/wp-json\/wp\/v2\/comments?post=1621"}],"version-history":[{"count":1,"href":"https:\/\/btm.sk\/WP\/wp-json\/wp\/v2\/posts\/1621\/revisions"}],"predecessor-version":[{"id":2344,"href":"https:\/\/btm.sk\/WP\/wp-json\/wp\/v2\/posts\/1621\/revisions\/2344"}],"wp:attachment":[{"href":"https:\/\/btm.sk\/WP\/wp-json\/wp\/v2\/media?parent=1621"}],"wp:term":[{"taxonomy":"category","embeddable":true,"href":"https:\/\/btm.sk\/WP\/wp-json\/wp\/v2\/categories?post=1621"},{"taxonomy":"post_tag","embeddable":true,"href":"https:\/\/btm.sk\/WP\/wp-json\/wp\/v2\/tags?post=1621"}],"curies":[{"name":"wp","href":"https:\/\/api.w.org\/{rel}","templated":true}]}}