{"id":1615,"date":"2005-01-21T09:11:09","date_gmt":"2005-01-21T08:11:09","guid":{"rendered":"http:\/\/btm.sk\/WP\/2005\/01\/21\/orla-zivia-kridla-vlka-nohy-a-cloveka-laska\/"},"modified":"2018-05-17T23:29:19","modified_gmt":"2018-05-17T21:29:19","slug":"orla-zivia-kridla-vlka-nohy-a-cloveka-laska","status":"publish","type":"post","link":"https:\/\/btm.sk\/WP\/2005\/01\/21\/orla-zivia-kridla-vlka-nohy-a-cloveka-laska\/","title":{"rendered":"ORLA \u017dIVIA KR\u00cdDLA, VLKA NOHY A \u010cLOVEKA L\u00c1SKA."},"content":{"rendered":"<p><span class=\"text\">Bl\u00ed\u017eiaci sa sviatok zamilovan\u00fdch \u2013 ktor\u00fd sa u\u017e aj u n\u00e1s udom\u00e1cnil  \u2013 chceme op\u00e4\u0165 vyu\u017ei\u0165 na evanjeliz\u00e1ciu. Na zamyslenie v\u00e1m pon\u00fakame nasledovn\u00fa kr\u00e1tku \u00favahu.<br \/>\nNa prech\u00e1dzke v lese n\u00e1s cesti\u010dka zaviedla a\u017e k studni\u010dke, ktor\u00fa zdobila kamenn\u00e1 doska. Bol na nej vytesan\u00fd text od nezn\u00e1meho autora: Orla \u017eivia kr\u00eddla, vlka nohy a \u010dloveka l\u00e1ska&#8230;<\/span><br \/>\n<!--more--><br \/>\nZastavili sme sa a prem\u00fd\u0161\u013eali nad h\u013abkou t\u00fdchto slov. \u010clovek m\u00f4\u017ee aj dok\u00e1\u017ee v \u017eivote obetova\u0165 naozaj ve\u013ea d\u00f4le\u017eit\u00fdch vec\u00ed. Ak v\u0161ak m\u00e1 pr\u00e1zdne srdce, potom ve\u013emi trp\u00ed. \u010clovek potrebuje niekoho milova\u0165, t\u00fa\u017ei\u0165 po jeho pr\u00edtomnosti a stara\u0165 sa o\u0148ho. Bez l\u00e1sky je \u017eivot pr\u00e1zdny, nenaplnen\u00fd a \u0165a\u017ek\u00fd.<br \/>\nBytostne najd\u00f4le\u017eitej\u0161\u00ed je v\u0161ak vz\u0165ah \u010dloveka k Bohu. Len vtedy je \u013eudsk\u00e9 srdce naplnen\u00e9 trvalou nemennou l\u00e1skou.<br \/>\nV na\u0161om \u017eivote s\u00fa chv\u00edle, ke\u010f prich\u00e1dzame nielen o l\u00e1sku, ale \u010dasto aj o \u010dloveka, ktor\u00e9ho milujeme. Ak ver\u00edme v Boha, vieme, \u017ee o Bo\u017eiu l\u00e1sku nem\u00f4\u017eeme za \u017eiadnych okolnost\u00ed pr\u00eds\u0165. A m\u00f4\u017eeme ju nielen prij\u00edma\u0165, ale aj rozd\u00e1va\u0165 okolo seba \u2013 partnerovi, de\u0165om, rodi\u010dom, priate\u013eom  a v\u0161etk\u00fdm \u013eu\u010fom okolo seba.<br \/>\nVyu\u017eime teda tento sviatok \u2013 pripome\u0148me si nekone\u010dn\u00fa Bo\u017eiu l\u00e1sku a pon\u00faknime ju naozaj v\u0161etk\u00fdm.<\/p>\n<p>V\u0160ETKO NA SVETE JE V NEUST\u00c1LOM POHYBE, TAK\u017dE V\u0160ETKO, \u010cO POTREBUJE\u0160, JE JEDEN PEVN\u00dd BOD. A T\u00ddM JE L\u00c1SKA.<br \/>\nPavel Kosorin<\/p>\n","protected":false},"excerpt":{"rendered":"<p>Bl\u00ed\u017eiaci sa sviatok zamilovan\u00fdch \u2013 ktor\u00fd sa u\u017e aj u n\u00e1s udom\u00e1cnil \u2013 chceme op\u00e4\u0165 vyu\u017ei\u0165 na evanjeliz\u00e1ciu. Na zamyslenie v\u00e1m pon\u00fakame nasledovn\u00fa kr\u00e1tku \u00favahu. Na prech\u00e1dzke v lese n\u00e1s cesti\u010dka zaviedla a\u017e k studni\u010dke, ktor\u00fa zdobila kamenn\u00e1 doska. Bol na nej vytesan\u00fd text od nezn\u00e1meho autora: Orla \u017eivia kr\u00eddla, vlka nohy a \u010dloveka l\u00e1ska&#8230;<\/p>\n","protected":false},"author":2,"featured_media":0,"comment_status":"closed","ping_status":"open","sticky":false,"template":"","format":"standard","meta":[],"categories":[9],"tags":[],"_links":{"self":[{"href":"https:\/\/btm.sk\/WP\/wp-json\/wp\/v2\/posts\/1615"}],"collection":[{"href":"https:\/\/btm.sk\/WP\/wp-json\/wp\/v2\/posts"}],"about":[{"href":"https:\/\/btm.sk\/WP\/wp-json\/wp\/v2\/types\/post"}],"author":[{"embeddable":true,"href":"https:\/\/btm.sk\/WP\/wp-json\/wp\/v2\/users\/2"}],"replies":[{"embeddable":true,"href":"https:\/\/btm.sk\/WP\/wp-json\/wp\/v2\/comments?post=1615"}],"version-history":[{"count":1,"href":"https:\/\/btm.sk\/WP\/wp-json\/wp\/v2\/posts\/1615\/revisions"}],"predecessor-version":[{"id":2350,"href":"https:\/\/btm.sk\/WP\/wp-json\/wp\/v2\/posts\/1615\/revisions\/2350"}],"wp:attachment":[{"href":"https:\/\/btm.sk\/WP\/wp-json\/wp\/v2\/media?parent=1615"}],"wp:term":[{"taxonomy":"category","embeddable":true,"href":"https:\/\/btm.sk\/WP\/wp-json\/wp\/v2\/categories?post=1615"},{"taxonomy":"post_tag","embeddable":true,"href":"https:\/\/btm.sk\/WP\/wp-json\/wp\/v2\/tags?post=1615"}],"curies":[{"name":"wp","href":"https:\/\/api.w.org\/{rel}","templated":true}]}}