{"id":1612,"date":"2004-10-29T21:59:20","date_gmt":"2004-10-29T19:59:20","guid":{"rendered":"http:\/\/btm.sk\/WP\/2004\/10\/29\/vieme-prijimat-dary\/"},"modified":"2018-05-17T23:30:15","modified_gmt":"2018-05-17T21:30:15","slug":"vieme-prijimat-dary","status":"publish","type":"post","link":"https:\/\/btm.sk\/WP\/2004\/10\/29\/vieme-prijimat-dary\/","title":{"rendered":"VIEME PRIJ\u00cdMA\u0164 DARY?"},"content":{"rendered":"<p><span class=\"text\">Bl\u00ed\u017eia sa viano\u010dn\u00e9 sviatky, ktor\u00e9 s\u00fa zvl\u00e1\u0161tne t\u00fdm, \u017ee vtedy viac mysl\u00edme na svojich najbli\u017e\u0161\u00edch a\u00a0sna\u017e\u00edme sa im urobi\u0165 rados\u0165 nejak\u00fdm mil\u00fdm dar\u010dekom. Pre mnoh\u00fdm Vianoce znamenaj\u00fa hlavne kopy dar\u010dekov. A\u00a0tak vyu\u017eime aj my t\u00fato pr\u00edle\u017eitos\u0165 a\u00a0povedzme \u013eu\u010fom vo svojom okol\u00ed o\u00a0pravom zmysle Vianoc. <\/span><br \/>\n<!--more--><br \/>\nPovedzme im o tom na\u00fa\u017easnej\u0161om dare, ak\u00fd kedy \u013eudstvo dostalo, o Bo\u017eom dare \u010dloveku. O\u00a0mo\u017enosti z\u00e1chrany \u010dloveka v\u00a0Je\u017ei\u0161ovi Kristovi \u2013 a\u00a0pon\u00faknime im ho tak, aby ho t\u00fa\u017eili a\u00a0aj dok\u00e1zali prija\u0165, ako prij\u00edmaj\u00fa dary mal\u00e9 deti. Hoci aj ako mal\u00fd chlap\u010dek z\u00a0nasleduj\u00faceho pr\u00edbehu: Mal\u00fd chlapec Branko  pred oslavou svojich naroden\u00edn povedal mami\u010dke: \u201eChcel by som si pozva\u0165 tis\u00edc host\u00ed!\u201c Mami\u010dka sa usmiala: \u201eKoho v\u0161etk\u00e9ho m\u00e1\u0161 na mysli?\u201c Chlapec vyrat\u00fava: &#8222;Moji priatelia Luk\u00e1\u0161, Tom\u00e1\u0161 a\u00a0Evi\u010dka&#8230; a, samozrejme, teta Hanka a str\u00fdko Jakub.\u201c \u201eAha, tak to u\u017e je prv\u00fdch p\u00e4\u0165 z\u00a0tej tis\u00edcky! Kde v\u0161ak zo\u017eenieme to\u013eko kol\u00e1\u010dov, tanierov a hrn\u010dekov?\u201c p\u00fdta se mami\u010dka. \u201eNo&#8230; \u2013 to by si mohol ka\u017ed\u00fd z nich prinies\u0165 so sebou,\u201c vyrie\u0161il hne\u010f probl\u00e9m Branko. \u201eA kde si v\u0161etci posadaj\u00fa?\u201c \u201eTak si ka\u017ed\u00fd e\u0161te prinesie aj stoli\u010dku\u2026\u201c prem\u00fd\u0161\u013ea chlap\u010dek, no po chvl\u00edli dod\u00e1: \u201eLen\u017ee to by u\u017e nemali vo\u013en\u00e9 ruky na dar\u010dek pre m\u0148a!  A dar\u010dek je predsa to najd\u00f4le\u017eitej\u0161ie!\u201c Mo\u017eno tento mal\u00fd pr\u00edbeh vyvolal na na\u0161ich tv\u00e1rach \u013eahk\u00fd \u00fasmev. Len\u017ee na de\u0165och naozaj vidno, po \u010dom t\u00fa\u017eia. A\u00a0daj\u00fa to aj \u00faprimne najavo. To len my dospel\u00ed hovorievame: \u201eAle to nemuselo by\u0165. Na\u010do ste si robili starosti. Ve\u010f si to ani nezasl\u00fa\u017eim.\u201c \u00c1no, v\u00e4\u010d\u0161ina darov je nezasl\u00fa\u017een\u00e1 a \u010dasto prekvapuj\u00faca. <\/p>\n<p>Aj P\u00e1n Boh n\u00e1s obdar\u00fava ka\u017ed\u00fd de\u0148. Zasl\u00fa\u017eime si jeho pozornos\u0165 a\u00a0jeho dary? A\u00a0predsa n\u00e1m ich d\u00e1va! A\u00a0praje si, aby sme sa nechali obdarova\u0165, aby sme jeho dary prij\u00edmali z\u00a0\u010dist\u00e9ho a\u00a0\u00faprimn\u00e9ho srdca \u2013 ako deti! <\/p>\n<p>Pripome\u0148me t\u00fato Bo\u017eiu \u0161tedros\u0165 \u013eu\u010fom naokolo. Uk\u00e1\u017eme im, ako ich Boh miluje a\u00a0ako t\u00fa\u017ei, aby boli v\u00a0\u0147om v\u0161etci bohat\u00ed!<\/p>\n","protected":false},"excerpt":{"rendered":"<p>Bl\u00ed\u017eia sa viano\u010dn\u00e9 sviatky, ktor\u00e9 s\u00fa zvl\u00e1\u0161tne t\u00fdm, \u017ee vtedy viac mysl\u00edme na svojich najbli\u017e\u0161\u00edch a\u00a0sna\u017e\u00edme sa im urobi\u0165 rados\u0165 nejak\u00fdm mil\u00fdm dar\u010dekom. Pre mnoh\u00fdm Vianoce znamenaj\u00fa hlavne kopy dar\u010dekov. A\u00a0tak vyu\u017eime aj my t\u00fato pr\u00edle\u017eitos\u0165 a\u00a0povedzme \u013eu\u010fom vo svojom okol\u00ed o\u00a0pravom zmysle Vianoc.<\/p>\n","protected":false},"author":2,"featured_media":0,"comment_status":"closed","ping_status":"open","sticky":false,"template":"","format":"standard","meta":[],"categories":[9],"tags":[],"_links":{"self":[{"href":"https:\/\/btm.sk\/WP\/wp-json\/wp\/v2\/posts\/1612"}],"collection":[{"href":"https:\/\/btm.sk\/WP\/wp-json\/wp\/v2\/posts"}],"about":[{"href":"https:\/\/btm.sk\/WP\/wp-json\/wp\/v2\/types\/post"}],"author":[{"embeddable":true,"href":"https:\/\/btm.sk\/WP\/wp-json\/wp\/v2\/users\/2"}],"replies":[{"embeddable":true,"href":"https:\/\/btm.sk\/WP\/wp-json\/wp\/v2\/comments?post=1612"}],"version-history":[{"count":1,"href":"https:\/\/btm.sk\/WP\/wp-json\/wp\/v2\/posts\/1612\/revisions"}],"predecessor-version":[{"id":2353,"href":"https:\/\/btm.sk\/WP\/wp-json\/wp\/v2\/posts\/1612\/revisions\/2353"}],"wp:attachment":[{"href":"https:\/\/btm.sk\/WP\/wp-json\/wp\/v2\/media?parent=1612"}],"wp:term":[{"taxonomy":"category","embeddable":true,"href":"https:\/\/btm.sk\/WP\/wp-json\/wp\/v2\/categories?post=1612"},{"taxonomy":"post_tag","embeddable":true,"href":"https:\/\/btm.sk\/WP\/wp-json\/wp\/v2\/tags?post=1612"}],"curies":[{"name":"wp","href":"https:\/\/api.w.org\/{rel}","templated":true}]}}