{"id":1589,"date":"2003-06-26T22:02:58","date_gmt":"2003-06-26T20:02:58","guid":{"rendered":"http:\/\/btm.sk\/WP\/2003\/06\/26\/stretnutie-europskych-tlacovych-misii-v-marburgu\/"},"modified":"2018-05-17T23:37:38","modified_gmt":"2018-05-17T21:37:38","slug":"stretnutie-europskych-tlacovych-misii-v-marburgu","status":"publish","type":"post","link":"https:\/\/btm.sk\/WP\/2003\/06\/26\/stretnutie-europskych-tlacovych-misii-v-marburgu\/","title":{"rendered":"STRETNUTIE EUR\u00d3PSKYCH TLA\u010cOV\u00ddCH MISI\u00cd V MARBURGU"},"content":{"rendered":"<p><span class=\"text\">V d\u0148och 19. &#8211; 22. m\u00e1ja 2003 sa v nemeckom Marburgu uskuto\u010dnilo stretnutie pracovn\u00edkov eur\u00f3pskych tla\u010dov\u00fdch misi\u00ed. Okrem dom\u00e1cich pracovn\u00edkov a spolupracovn\u00edkov Marburger Medien v Nemecku a v Rak\u00fasku sa na tomto stretnut\u00ed z\u00fa\u010dastnili pracovn\u00edci z partnersk\u00fdch a sestersk\u00fdch misi\u00ed z Franc\u00fazska, \u0160vaj\u010diarska, z BTM v \u010ceskej republike a BTM na Slovensku. Tak\u00e9to pracovn\u00e9 stretnutia sa konaj\u00fa raz za rok.<\/span><br \/>\n<!--more--><br \/>\nTohto roku sa po prv\u00fdkr\u00e1t z\u00fa\u010dastnila stretnutia aj mision\u00e1rka z Rumunska, kde p\u00f4sob\u00ed u\u017e tret\u00ed rok.<\/p>\n<p>Na t\u00fdchto pravideln\u00fdch pracovn\u00fdch stretnutiach sa podrobne oboznamujeme s pr\u00e1cou jednotliv\u00fdch misi\u00ed v r\u00f4znych \u0161t\u00e1toch a v r\u00f4znom prostred\u00ed. Samozrejme, aj my predstav\u00edme v\u00fdsledky pr\u00e1ce u n\u00e1s, vymie\u0148ame si sk\u00fasenosti a spolo\u010dne h\u013ead\u00e1me nov\u00e9 mo\u017enosti pre \u010fal\u0161iu pr\u00e1cu, mo\u017enosti ako oslovi\u0165 \u0161ir\u0161ie skupiny \u013eud\u00ed a prebudi\u0165 u nich z\u00e1ujem o evanjelium, ako podchyti\u0165 ml\u00e1de\u017e, ale aj stredn\u00fa gener\u00e1ciu, \u010di star\u00fdch, opusten\u00fdch alebo rast\u00face skupiny pris\u0165ahovalcov. Pole pre misijn\u00fa pr\u00e1cu je v\u0161ade naozaj r\u00f4znorod\u00e9 a rozsiahle. <\/p>\n<p>Ve\u013ea \u010dasu venujeme na t\u00fdchto stretnutiach aj modlitb\u00e1m. Modl\u00edme sa nielen za po\u017eehnanie pre na\u0161u pr\u00e1cu, ale aj za mo\u017enos\u0165 aj na\u010falej slobodne hl\u00e1sa\u0165 a \u0161\u00edri\u0165 evanjelium v na\u0161ich krajin\u00e1ch i po celom svete.<\/p>\n","protected":false},"excerpt":{"rendered":"<p>V d\u0148och 19. &#8211; 22. m\u00e1ja 2003 sa v nemeckom Marburgu uskuto\u010dnilo stretnutie pracovn\u00edkov eur\u00f3pskych tla\u010dov\u00fdch misi\u00ed. Okrem dom\u00e1cich pracovn\u00edkov a spolupracovn\u00edkov Marburger Medien v Nemecku a v Rak\u00fasku sa na tomto stretnut\u00ed z\u00fa\u010dastnili pracovn\u00edci z partnersk\u00fdch a sestersk\u00fdch misi\u00ed z Franc\u00fazska, \u0160vaj\u010diarska, z BTM v \u010ceskej republike a BTM na Slovensku. Tak\u00e9to pracovn\u00e9 stretnutia [&hellip;]<\/p>\n","protected":false},"author":2,"featured_media":0,"comment_status":"closed","ping_status":"open","sticky":false,"template":"","format":"standard","meta":[],"categories":[7],"tags":[],"_links":{"self":[{"href":"https:\/\/btm.sk\/WP\/wp-json\/wp\/v2\/posts\/1589"}],"collection":[{"href":"https:\/\/btm.sk\/WP\/wp-json\/wp\/v2\/posts"}],"about":[{"href":"https:\/\/btm.sk\/WP\/wp-json\/wp\/v2\/types\/post"}],"author":[{"embeddable":true,"href":"https:\/\/btm.sk\/WP\/wp-json\/wp\/v2\/users\/2"}],"replies":[{"embeddable":true,"href":"https:\/\/btm.sk\/WP\/wp-json\/wp\/v2\/comments?post=1589"}],"version-history":[{"count":1,"href":"https:\/\/btm.sk\/WP\/wp-json\/wp\/v2\/posts\/1589\/revisions"}],"predecessor-version":[{"id":2376,"href":"https:\/\/btm.sk\/WP\/wp-json\/wp\/v2\/posts\/1589\/revisions\/2376"}],"wp:attachment":[{"href":"https:\/\/btm.sk\/WP\/wp-json\/wp\/v2\/media?parent=1589"}],"wp:term":[{"taxonomy":"category","embeddable":true,"href":"https:\/\/btm.sk\/WP\/wp-json\/wp\/v2\/categories?post=1589"},{"taxonomy":"post_tag","embeddable":true,"href":"https:\/\/btm.sk\/WP\/wp-json\/wp\/v2\/tags?post=1589"}],"curies":[{"name":"wp","href":"https:\/\/api.w.org\/{rel}","templated":true}]}}