{"id":1561,"date":"2002-03-28T11:15:18","date_gmt":"2002-03-28T10:15:18","guid":{"rendered":"http:\/\/btm.sk\/WP\/2002\/03\/28\/medzi-krestanmi-na-dolnej-zemi\/"},"modified":"2018-05-17T23:50:07","modified_gmt":"2018-05-17T21:50:07","slug":"medzi-krestanmi-na-dolnej-zemi","status":"publish","type":"post","link":"https:\/\/btm.sk\/WP\/2002\/03\/28\/medzi-krestanmi-na-dolnej-zemi\/","title":{"rendered":"MEDZI KRES\u0164ANMI NA &#8222;DOLNEJ ZEMI&#8220;"},"content":{"rendered":"<p><span class=\"text\">V d\u0148och 8. &#8211; 16. 9. 2001 som mala mo\u017enos\u0165 nav\u0161t\u00edvi\u0165 veriacich v Juhosl\u00e1vii vo Vojvodine, kde \u017eij\u00fa Slov\u00e1ci, ktor\u00ed sa sem pres\u0165ahovali pred 250 rokmi &#8211; po druhej reform\u00e1cii. Dodnes si zachovali svoju rodn\u00fa re\u010d a zvyky. Je to \u00farodn\u00fd rovinat\u00fd kraj tzv. doln\u00e1 zem, ktor\u00e1 v\u0161ak bola pri pr\u00edchode prv\u00fdch Slov\u00e1kov mo\u010darist\u00e1. Dnes s\u00fa ba\u017einy vysu\u0161en\u00e9 a na ve\u013emi \u00farodnej p\u00f4de pestuj\u00fa obilie a hlavne kukuricu. Kraj bol zn\u00e1my kvalitn\u00fdm chme\u013eom a cirokom &#8211; cirokov\u00e9 metly sa tu vyr\u00e1baj\u00fa dodnes.<\/span><br \/>\n<!--more--><br \/>\nDo Juhosl\u00e1vie som sa ve\u013emi te\u0161ila, preto\u017ee tam m\u00e1me ve\u013ea odberate\u013eov, ktor\u00fdch som vlastne e\u0161te osobne nemala mo\u017enos\u0165 stretn\u00fa\u0165. Teraz sa mi tak\u00e1to mo\u017enos\u0165 naskytla. Cestovala som spolu s ml\u00e1de\u017en\u00edckym kres\u0165ansk\u00fdm spevokolom AKORD, ktor\u00fd tam i\u0161iel posl\u00fa\u017ei\u0165 svojimi pies\u0148ami. V r\u00e1mci ich koncertu som mala v\u017edy mo\u017enos\u0165 predstavi\u0165 BTM, jej pr\u00e1cu, let\u00e1\u010diky a reakcie t\u00fdch, ktor\u00fdm sa dostali do r\u00fak. Koncerty boli vopred pripraven\u00e9 a zabezpe\u010den\u00e9 pracovn\u00edkmi KES (Kres\u0165ansk\u00e9 evanjeliza\u010dn\u00e9 stredisko) v B\u00e1\u010dskom Petrovci. Tu sme aj mali &#8222;hlavn\u00fd stan&#8220; &#8211; prechodn\u00e9 s\u00eddlo, odkia\u013e sme potom podnikali jednotliv\u00e9 pracovn\u00e9 v\u00fdjazdy. <\/p>\n<p>Najprv v\u00e1m trochu predstav\u00edm B\u00e1\u010dsky Petrovec. Je to okresn\u00e9 mesto s takmer 8000 obyvate\u013emi. Ulice s\u00fa pln\u00e9 zelene a storo\u010dn\u00fdch domov &#8211; najstar\u0161\u00ed dodnes stojaci dom je &#8222;nab\u00edjan\u00fd&#8220; (z nep\u00e1lenej hliny) a poch\u00e1dza z r. 1856. V Petrovci s\u00fa len rodinn\u00e9 domy, s\u00fa tu v\u0161ak aj v\u00e4\u010d\u0161ie stavby, nieko\u013ekoposchodov\u00e9 a to s\u00fa b\u00fdval\u00e9 i s\u00fa\u010dasn\u00e9 s\u00fdpky a su\u0161iarne chme\u013eu. V jednej takejto prerobenej budove s\u00eddli aj KES. Po\u010das vojny tu bolo \u00fato\u010disko pre \u013eud\u00ed, hlavne pre deti. Dodnes sem ka\u017ed\u00fa sobotu chod\u00ed vy\u0161e 90 det\u00ed na pravideln\u00e9 kres\u0165ansk\u00e9 stretnutia. Po\u010das vojny sa z KES-u rozv\u00e1\u017eala humanit\u00e1rna pomoc, poskytovali pomoc aj ute\u010dencom, n\u00fadznym a slab\u00fdm. To robia dodnes. Okrem toho je tu kres\u0165ansk\u00e9 rozhlasov\u00e9 \u0161t\u00fadio KOMPAS, ktor\u00e9 by malo v kr\u00e1tkom \u010dase za\u010da\u0165 vysiela\u0165 24 hod\u00edn denne, a vydavate\u013estvo, ktor\u00e9 vyd\u00e1va a roz\u0161iruje kres\u0165ansk\u00fa literat\u00faru aj let\u00e1\u010diky BTM. V budove s\u00eddli aj biblick\u00e1 \u0161kola, ktor\u00fa u\u017e absolvovalo 100 \u0161tudentov. Tento \u0161kolsk\u00fd rok maj\u00fa 26 \u0161tudentov, z toho 6 man\u017eelsk\u00fdch p\u00e1rov. Absolventi potom odch\u00e1dzaj\u00fa do r\u00f4znych k\u00fatov krajiny a zakladaj\u00fa tam nov\u00e9 zbory. V Petrovci m\u00e1 od r. 1934 s\u00eddlo aj Matica slovensk\u00e1 a u\u017e od r. 1919 sa tu pravidelne konaj\u00fa Slovensk\u00e9 n\u00e1rodn\u00e9 sl\u00e1vnosti.<\/p>\n<p>Okrem B\u00e1\u010dskeho Petrovca sme nav\u0161t\u00edvili Kova\u010dicu, Zrenjanin, Arada\u010d, Nov\u00fd Sad, Selen\u010du, Kisa\u010d, V\u010delare, Pivnicu a hlavn\u00e9 mesto Belehrad. Ka\u017ed\u00e9 z t\u00fdchto miest bolo os\u00eddlen\u00e9 Slov\u00e1kmi z inej \u010dasti Slovenska, \u017eij\u00fa tu potomkovia z Liptova, Oravy, Hontu, Gemera, Novohradska, z okolia Zvolena, ba dokonca aj zo Z\u00e1horia. V Kova\u010dici sme nav\u0161t\u00edvili aj zn\u00e1mu gal\u00e9riu insitn\u00e9ho umenia, kde s\u00fa diela jej obyvate\u013eov. Mnoh\u00ed z v\u00e1s iste poznaj\u00fa tak\u00e9 men\u00e1, ako Chalupov\u00e1, Jon\u00e1\u0161, Markov a in\u00e9. V okol\u00ed je ve\u013ea pekn\u00fdch ka\u0161tie\u013eov, jeden sme si pozreli vo V\u010del\u00e1roch cestou do Pivnice. Hist\u00f3rie sme sa dotkli v mest\u00e1ch Nov\u00fd Sad, kde je zn\u00e1ma pevnos\u0165 Petrovaradin a v Belehrade. V t\u00fdchto dvoch mest\u00e1ch dodnes vidno stopy aj po ned\u00e1vnej vojne: rozbombardovan\u00fd most a nieko\u013eko budov stoja ako nem\u00ed svedkovia skazy.<\/p>\n<p>Ka\u017ed\u00fd ve\u010der bolo na na\u0161om spolo\u010dnom programe ve\u013ea n\u00e1v\u0161tevn\u00edkov. A to aj napriek zl\u00e9mu po\u010dasiu, cel\u00fd n\u00e1\u0161 pobyt ne\u00fanavne pr\u0161alo, okrem d\u0148a, ke\u010f sme boli v Belehrade. V\u017edy pri vchode do miestnosti bol pult s literat\u00farou a stojan s let\u00e1kmi BTM, ktor\u00e9 sa hne\u010f po programe rozobrali. \u010casto za mnou pri\u0161li \u013eudia a \u010fakovali mi za slov\u00e1, ktor\u00e9 po\u010duli a ktor\u00e9 ich povzbudili do misijnej pr\u00e1ce &#8211; do \u0161\u00edrenia dobrej zvesti vo svojom okol\u00ed. \u010eakovali aj za materi\u00e1l, ktor\u00ed im pri tom m\u00f4\u017ee dobre posl\u00fa\u017ei\u0165. Stretla som tu aj niektor\u00fdch na\u0161ich odberate\u013eov a mohla som sa takto s nimi bli\u017e\u0161ie zozn\u00e1mi\u0165, lebo zatia\u013e som ich poznala len z listov, ktor\u00e9 p\u00ed\u0161u do BTM. Bol na to aj vhodn\u00fd priestor, preto\u017ee po ka\u017edom vyst\u00fapen\u00ed bolo pre n\u00e1s pripraven\u00e9 pohostenie v miestnom zbore. Dom\u00e1ci s\u00fa \u00fa\u017easne srde\u010dn\u00ed a pohostinn\u00ed \u013eudia. V\u017edy sme mali pripraven\u00fa cel\u00fa kopu dobr\u00f4t. A tak sme spojili pr\u00edjemn\u00e9 s u\u017eito\u010dn\u00fdm a vyu\u017eili sme tento spolo\u010dn\u00fd \u010das na rozhovory a vz\u00e1jomn\u00e9 spozn\u00e1vanie sa.<\/p>\n<p>Prv\u00fd ve\u010der nasn\u00edmala aj petroveck\u00e1 a novosadsk\u00e1 telev\u00edzia, uk\u00e1\u017eky z koncertu a pr\u00edhovorov boli odvysielan\u00e9 u\u017e v ten ist\u00fd ve\u010der. Okrem toho sme robili rozhovory aj pre rozhlasov\u00e9 \u0161t\u00fadio KOMPAS. S veden\u00edm KES-u sme dohodli aj smer na\u0161ej \u010fal\u0161ej spolupr\u00e1ce. <\/p>\n<p>\u0160peci\u00e1lne sa chcem zmieni\u0165 o n\u00e1v\u0161teve v Selen\u010di, kde m\u00e1me najviac odberate\u013eov. Stretli sme sa na evanjelickej fare. Okrem man\u017eelov Valentov\u00fdch tu bola skupinka ml\u00e1de\u017ee, a ke\u010f sa mi postupne predstavovali, bolo mil\u00e9 vidie\u0165 pod zn\u00e1mymi menami teraz u\u017e aj ur\u010dit\u00fa tv\u00e1r. Porozpr\u00e1vala som im o pr\u00e1ci BTM, tvorbe let\u00e1kov, probl\u00e9moch i radostiach, o tom, ak\u00fdmi k\u013eukat\u00fdmi cesti\u010dkami putuj\u00fa let\u00e1\u010diky k nim a pre\u010do niekedy me\u0161kaj\u00fa a spolo\u010dne sme h\u013eadali nov\u00e9 mo\u017enosti ich dopravy. Dom\u00e1ci mi zase porozpr\u00e1vali, ako s let\u00e1kmi pracuj\u00fa, kde ich pou\u017e\u00edvaj\u00fa a ak\u00e9 maj\u00fa s nimi sk\u00fasenosti. Navz\u00e1jom sme sa povzbudili a pote\u0161ili. T\u00ed z pr\u00edtomn\u00fdch, ktor\u00ed e\u0161te let\u00e1\u010diky nepou\u017e\u00edvaj\u00fa, sa rozhodli, \u017ee sk\u00fasia s nimi pracova\u0165. Bolo to ve\u013emi pr\u00edjemn\u00e9 stretnutie, rada na\u0148 spom\u00ednam. Pripom\u00edna\u0165 mi ho bude na\u0161a spolo\u010dn\u00e1 fotografia.<\/p>\n","protected":false},"excerpt":{"rendered":"<p>V d\u0148och 8. &#8211; 16. 9. 2001 som mala mo\u017enos\u0165 nav\u0161t\u00edvi\u0165 veriacich v Juhosl\u00e1vii vo Vojvodine, kde \u017eij\u00fa Slov\u00e1ci, ktor\u00ed sa sem pres\u0165ahovali pred 250 rokmi &#8211; po druhej reform\u00e1cii. Dodnes si zachovali svoju rodn\u00fa re\u010d a zvyky. Je to \u00farodn\u00fd rovinat\u00fd kraj tzv. doln\u00e1 zem, ktor\u00e1 v\u0161ak bola pri pr\u00edchode prv\u00fdch Slov\u00e1kov mo\u010darist\u00e1. Dnes [&hellip;]<\/p>\n","protected":false},"author":2,"featured_media":0,"comment_status":"closed","ping_status":"open","sticky":false,"template":"","format":"standard","meta":[],"categories":[7],"tags":[],"_links":{"self":[{"href":"https:\/\/btm.sk\/WP\/wp-json\/wp\/v2\/posts\/1561"}],"collection":[{"href":"https:\/\/btm.sk\/WP\/wp-json\/wp\/v2\/posts"}],"about":[{"href":"https:\/\/btm.sk\/WP\/wp-json\/wp\/v2\/types\/post"}],"author":[{"embeddable":true,"href":"https:\/\/btm.sk\/WP\/wp-json\/wp\/v2\/users\/2"}],"replies":[{"embeddable":true,"href":"https:\/\/btm.sk\/WP\/wp-json\/wp\/v2\/comments?post=1561"}],"version-history":[{"count":1,"href":"https:\/\/btm.sk\/WP\/wp-json\/wp\/v2\/posts\/1561\/revisions"}],"predecessor-version":[{"id":2404,"href":"https:\/\/btm.sk\/WP\/wp-json\/wp\/v2\/posts\/1561\/revisions\/2404"}],"wp:attachment":[{"href":"https:\/\/btm.sk\/WP\/wp-json\/wp\/v2\/media?parent=1561"}],"wp:term":[{"taxonomy":"category","embeddable":true,"href":"https:\/\/btm.sk\/WP\/wp-json\/wp\/v2\/categories?post=1561"},{"taxonomy":"post_tag","embeddable":true,"href":"https:\/\/btm.sk\/WP\/wp-json\/wp\/v2\/tags?post=1561"}],"curies":[{"name":"wp","href":"https:\/\/api.w.org\/{rel}","templated":true}]}}